{"id":379,"date":"2020-01-13T07:53:46","date_gmt":"2020-01-13T07:53:46","guid":{"rendered":"http:\/\/lagur-tunera.hr\/wp\/?p=379"},"modified":"2020-01-27T13:28:45","modified_gmt":"2020-01-27T13:28:45","slug":"vazna-obavijest-prva-izmjena-flag-natjecaja-u-okviru-mjere-b-2-1-edukativne-staze","status":"publish","type":"post","link":"http:\/\/lagur-tunera.hr\/wp\/?p=379","title":{"rendered":"VA\u017dNA OBAVIJEST! Prva izmjena FLAG NATJE\u010cAJA u okviru Mjere B.2.1. \u201eEdukativne staze\u201c"},"content":{"rendered":"\n<p>Na sjednici Upravnog odbora LAGUR-a TUNERA odr\u017eanoj 18. 12. 2019. godine donesena je Odluka o Prvoj izmjeni FLAG natje\u010daja u okviru Mjere B.2.1. \u201eEdukativne staze\u201c i to u slijede\u0107im dijelovima:<\/p>\n\n\n\n<ol class=\"wp-block-list\"><li>Tekst FLAG natje\u010daja, to\u010dka 9. Podno\u0161enje prijave projekta, podto\u010dka &nbsp;<strong>Produ\u017eenje roka za podno\u0161enje Zahtjeva za potporu do najkasnije&nbsp;28.2.2020. g.<\/strong><\/li><li>Obrazac 1.A. Zahtjev za potporu, to\u010dka 1.1. \u2013 dodaje se obja\u0161njenje kod odabira \u201eNositelj projekta obveznik PDV-a\u201c<\/li><li>Obrazac 2. \u2013 Idejni plan ulaganja, to\u010dka 9., podto\u010dka 3. (ispravak tehni\u010dke prirode fotografija\/opis)<\/li><li>Obrazac 3. \u2013 Sa\u017eetak prikupljenih ponuda (dodaje se opis \u201e<em>za nositelje projekta koji nisu obveznici javne nabave\u201c<\/em>)<\/li><li>Prilog II, to\u010dka 2. (u poja\u0161njenju se dodaje sljede\u0107a re\u010denica \u201e<em>Jedinicama lokalne samouprave potrebno je u Zahtjevu za potporu (prijavnom obrascu) odabrati ispravan tip nositelja projekta\u201c);&nbsp;<\/em>Prilog II, to\u010dka 5., podto\u010dka 3. (dodaje se i Plan upravljanja pomorskim dobrom donesen od strane Jedinica lokalne samouprave)<\/li><li>Prilog VIII. \u2013 Izjava nositelja o nemogu\u0107nosti odbitka pretporeza (dodan novi Prilog)<\/li><\/ol>\n\n\n\n<p>U preostalom dijelu Natje\u010daj za provedbu u okviru Mjere B.2.1. \u201eEdukativne staze\u201c iz LRSR 2014. \u2013 2020. FLAG-a TUNERA ostaje neizmijenjen.<\/p>\n\n\n\n<p>Kompletna natje\u010dajna dokumentacija: <a href=\"http:\/\/lagur-tunera.hr\/wp\/natjecaji\/\">http:\/\/lagur-tunera.hr\/wp\/natjecaji\/<\/a> <\/p>\n","protected":false},"excerpt":{"rendered":"<p>Na sjednici Upravnog odbora LAGUR-a TUNERA odr\u017eanoj 18. 12. 2019. godine donesena je Odluka o Prvoj izmjeni FLAG natje\u010daja u okviru Mjere B.2.1. \u201eEdukativne staze\u201c i to u slijede\u0107im dijelovima: Tekst FLAG natje\u010daja, to\u010dka 9. Podno\u0161enje prijave projekta, podto\u010dka &nbsp;Produ\u017eenje&#8230; <a href=\"http:\/\/lagur-tunera.hr\/wp\/?p=379\" class=\"readmore\">Read more<span class=\"screen-reader-text\">VA\u017dNA OBAVIJEST! Prva izmjena FLAG NATJE\u010cAJA u okviru Mjere B.2.1. \u201eEdukativne staze\u201c<\/span><span class=\"fa fa-angle-double-right\" aria-hidden=\"true\"><\/span><\/a><\/p>\n","protected":false},"author":1,"featured_media":0,"comment_status":"closed","ping_status":"closed","sticky":false,"template":"","format":"standard","meta":{"footnotes":""},"categories":[4],"tags":[],"class_list":["post-379","post","type-post","status-publish","format-standard","hentry","category-novosti","content-layout-excerpt-thumb"],"_links":{"self":[{"href":"http:\/\/lagur-tunera.hr\/wp\/index.php?rest_route=\/wp\/v2\/posts\/379","targetHints":{"allow":["GET"]}}],"collection":[{"href":"http:\/\/lagur-tunera.hr\/wp\/index.php?rest_route=\/wp\/v2\/posts"}],"about":[{"href":"http:\/\/lagur-tunera.hr\/wp\/index.php?rest_route=\/wp\/v2\/types\/post"}],"author":[{"embeddable":true,"href":"http:\/\/lagur-tunera.hr\/wp\/index.php?rest_route=\/wp\/v2\/users\/1"}],"replies":[{"embeddable":true,"href":"http:\/\/lagur-tunera.hr\/wp\/index.php?rest_route=%2Fwp%2Fv2%2Fcomments&post=379"}],"version-history":[{"count":6,"href":"http:\/\/lagur-tunera.hr\/wp\/index.php?rest_route=\/wp\/v2\/posts\/379\/revisions"}],"predecessor-version":[{"id":455,"href":"http:\/\/lagur-tunera.hr\/wp\/index.php?rest_route=\/wp\/v2\/posts\/379\/revisions\/455"}],"wp:attachment":[{"href":"http:\/\/lagur-tunera.hr\/wp\/index.php?rest_route=%2Fwp%2Fv2%2Fmedia&parent=379"}],"wp:term":[{"taxonomy":"category","embeddable":true,"href":"http:\/\/lagur-tunera.hr\/wp\/index.php?rest_route=%2Fwp%2Fv2%2Fcategories&post=379"},{"taxonomy":"post_tag","embeddable":true,"href":"http:\/\/lagur-tunera.hr\/wp\/index.php?rest_route=%2Fwp%2Fv2%2Ftags&post=379"}],"curies":[{"name":"wp","href":"https:\/\/api.w.org\/{rel}","templated":true}]}}